{"id":424169,"date":"2025-03-03T23:01:19","date_gmt":"2025-03-03T22:01:19","guid":{"rendered":"https:\/\/www.kingdom-limousines.com\/descubra-la-innovadora-furgoneta-electrica-mercedes-eqv-300\/"},"modified":"2025-03-03T23:01:19","modified_gmt":"2025-03-03T22:01:19","slug":"descubra-la-innovadora-furgoneta-electrica-mercedes-eqv-300","status":"publish","type":"post","link":"https:\/\/www.kingdom-limousines.com\/es\/descubra-la-innovadora-furgoneta-electrica-mercedes-eqv-300\/","title":{"rendered":"Descubra la innovadora furgoneta el\u00e9ctrica Mercedes EQV 300"},"content":{"rendered":"<p>La movilidad el\u00e9ctrica est\u00e1 ganando terreno en el mercado automovil\u00edstico, y ahora le toca el turno a los veh\u00edculos comerciales ligeros. Entre los modelos en oferta se encuentra la furgoneta el\u00e9ctrica Mercedes EQV 300, con un potente motor y una autonom\u00eda impresionante para un veh\u00edculo de este tipo. En este art\u00edculo presentamos las principales caracter\u00edsticas de esta furgoneta, as\u00ed como sus especificaciones t\u00e9cnicas.  <\/p>\n<h2>Dise\u00f1o y caracter\u00edsticas del Mercedes EQV 300<\/h2>\n<p><img decoding=\"async\" class=\"alignright size-medium wp-image-91981\" src=\"https:\/\/www.kingdom-limousines.com\/wp-content\/uploads\/2024\/04\/Electric-Mercedes-EQV-300-Minivan-chauffeur-service-14-369x675.jpg\" alt=\"Monovolumen el\u00e9ctrico Mercedes EQV 300 | Servicio de ch\u00f3fer\" width=\"369\" height=\"675\" title=\"\" srcset=\"https:\/\/www.kingdom-limousines.com\/wp-content\/uploads\/2024\/04\/Electric-Mercedes-EQV-300-Minivan-chauffeur-service-14-369x675.jpg 369w, https:\/\/www.kingdom-limousines.com\/wp-content\/uploads\/2024\/04\/Electric-Mercedes-EQV-300-Minivan-chauffeur-service-14-560x1024.jpg 560w, https:\/\/www.kingdom-limousines.com\/wp-content\/uploads\/2024\/04\/Electric-Mercedes-EQV-300-Minivan-chauffeur-service-14.jpg 700w\" sizes=\"(max-width: 369px) 100vw, 369px\" \/>La <a href=\"https:\/\/www.kingdom-limousines.com\/service\/electric-mpv-minivan-car-service\/\">Mercedes EQV 300 el\u00e9ctrica<\/a> es una furgoneta espaciosa y elegante, dise\u00f1ada para satisfacer las necesidades de profesionales y particulares por igual. Con sus l\u00edneas limpias y su dise\u00f1o moderno, no pasar\u00e1 desapercibida en la carretera. El interior est\u00e1 igualmente bien pensado, con materiales de calidad y una ergonom\u00eda dise\u00f1ada para facilitar el uso diario del veh\u00edculo.  <\/p>\n<p>El Mercedes EQV 300 puede transportar hasta ocho personas (incluido el conductor), o transportar f\u00e1cilmente mercanc\u00edas voluminosas gracias a su generoso volumen de carga. Tambi\u00e9n ofrece una serie de opciones de personalizaci\u00f3n, que permiten adaptar el veh\u00edculo a sus necesidades espec\u00edficas. <\/p>\n<h2>Conectividad y ayudas a la conducci\u00f3n<\/h2>\n<p>El Mercedes EQV 300 el\u00e9ctrico est\u00e1 equipado con avanzados sistemas de asistencia al conductor y conectividad. El intuitivo sistema de infoentretenimiento facilita el acceso a sus aplicaciones favoritas, servicios en l\u00ednea y navegaci\u00f3n GPS. Las ayudas a la conducci\u00f3n como el asistente de mantenimiento de carril y el asistente de luz de carretera hacen que la conducci\u00f3n sea m\u00e1s segura y confortable.  <\/p>\n<p>Cadena cinem\u00e1tica y prestaciones del Mercedes EQV 300 el\u00e9ctrico<\/p>\n<p>La furgoneta Mercedes EQV 300 est\u00e1 propulsada por un potente motor el\u00e9ctrico que proporciona una experiencia de conducci\u00f3n agradable y din\u00e1mica. Este motor 100% el\u00e9ctrico garantiza una conducci\u00f3n silenciosa y sin emisiones contaminantes, lo que supone una importante ventaja para los usuarios urbanos o preocupados por su huella medioambiental. <\/p>\n<h2>Autonom\u00eda y recarga<\/h2>\n<p>La autonom\u00eda de la Mercedes EQV 300 el\u00e9ctrica es una de sus caracter\u00edsticas clave, con capacidad para recorrer hasta 356 kil\u00f3metros con una sola carga (seg\u00fan el ciclo WLTP). Se trata de una autonom\u00eda suficiente para cubrir la mayor\u00eda de los trayectos diarios, incluso para los profesionales que visitan regularmente lugares de trabajo o realizan entregas. <\/p>\n<p>En cuanto a la recarga, la furgoneta est\u00e1 equipada con un cargador a bordo de 11 kW, que le permite recuperar entre 75 y 150 kil\u00f3metros de autonom\u00eda en s\u00f3lo dos horas de carga en un punto espec\u00edfico. Adem\u00e1s, el veh\u00edculo acepta cargas r\u00e1pidas de hasta 100 kW de corriente continua, lo que permite recargar la bater\u00eda del 10% al 80% en menos de una hora en un punto de carga r\u00e1pida. <\/p>\n<h2>Caracter\u00edsticas t\u00e9cnicas y equipamiento<\/h2>\n<p><img decoding=\"async\" class=\"alignleft size-medium wp-image-91979\" src=\"https:\/\/www.kingdom-limousines.com\/wp-content\/uploads\/2024\/04\/Electric-Mercedes-EQV-300-Minivan-chauffeur-service-13-369x675.jpg\" alt=\"Monovolumen el\u00e9ctrico Mercedes EQV 300 | Servicio de ch\u00f3fer\" width=\"369\" height=\"675\" title=\"\" srcset=\"https:\/\/www.kingdom-limousines.com\/wp-content\/uploads\/2024\/04\/Electric-Mercedes-EQV-300-Minivan-chauffeur-service-13-369x675.jpg 369w, https:\/\/www.kingdom-limousines.com\/wp-content\/uploads\/2024\/04\/Electric-Mercedes-EQV-300-Minivan-chauffeur-service-13-560x1024.jpg 560w, https:\/\/www.kingdom-limousines.com\/wp-content\/uploads\/2024\/04\/Electric-Mercedes-EQV-300-Minivan-chauffeur-service-13.jpg 700w\" sizes=\"(max-width: 369px) 100vw, 369px\" \/>El Mercedes EQV 300 el\u00e9ctrico dispone de una amplia gama de equipamientos de serie y opcionales. Entre ellos se incluyen : <\/p>\n<ul>\n<li>Un sistema de frenado regenerativo para optimizar la autonom\u00eda y recuperar energ\u00eda durante la deceleraci\u00f3n;<\/li>\n<li>Un sistema de navegaci\u00f3n espec\u00edfico para veh\u00edculos el\u00e9ctricos, que incorpora puntos de recarga y sugiere rutas en funci\u00f3n de la autonom\u00eda restante;<\/li>\n<li>Aire acondicionado autom\u00e1tico, con un modo de preacondicionamiento para calentar o enfriar el habit\u00e1culo antes de ponerse en marcha;<\/li>\n<li>Asientos delanteros calefactados para aumentar el confort de conducci\u00f3n y reducir el consumo de bater\u00eda;<\/li>\n<li>Una c\u00e1mara de marcha atr\u00e1s y un sistema de aparcamiento asistido para facilitar las maniobras en espacios reducidos.<\/li>\n<\/ul>\n<p>Por supuesto, todo este equipamiento se suma a las numerosas tecnolog\u00edas de seguridad y confort que ya se encuentran en la gama de veh\u00edculos comerciales ligeros de Mercedes.<\/p>\n<h2>Conclusi\u00f3n: una furgoneta el\u00e9ctrica adaptada a las necesidades actuales<\/h2>\n<p>La furgoneta el\u00e9ctrica Mercedes EQV 300 parece ser una soluci\u00f3n eficaz para los profesionales y particulares que buscan un veh\u00edculo comercial ligero con cero emisiones. Con su atractiva autonom\u00eda, su motor de altas prestaciones y su moderno equipamiento, satisface las expectativas de los usuarios al tiempo que protege el medio ambiente. Aunque el precio puede ser un obst\u00e1culo, el coste de propiedad a largo plazo es, en general, inferior al de los veh\u00edculos tradicionales de combusti\u00f3n, gracias al ahorro en el consumo de energ\u00eda y en los costes de mantenimiento.  <\/p>\n","protected":false},"excerpt":{"rendered":"<p>La movilidad el\u00e9ctrica est\u00e1 ganando terreno en el mercado automovil\u00edstico, y ahora le toca el turno a los veh\u00edculos comerciales ligeros. Entre los modelos en oferta se encuentra la furgoneta el\u00e9ctrica Mercedes EQV 300, con un potente motor y una autonom\u00eda impresionante para un veh\u00edculo de este tipo. En este art\u00edculo presentamos las principales caracter\u00edsticas<br \/><a href=\"https:\/\/www.kingdom-limousines.com\/es\/descubra-la-innovadora-furgoneta-electrica-mercedes-eqv-300\/\" class=\"more\">Read more<\/a><\/p>\n","protected":false},"author":1,"featured_media":321916,"comment_status":"closed","ping_status":"closed","sticky":false,"template":"","format":"standard","meta":{"rank_math_title":"Descubra la innovadora furgoneta el\u00e9ctrica Mercedes EQV 300","rank_math_description":"","rank_math_focus_keyword":"","footnotes":""},"categories":[166,177],"tags":[],"class_list":["post-424169","post","type-post","status-publish","format-standard","has-post-thumbnail","hentry","category-noticias","category-trabajo-chofer-privado"],"_links":{"self":[{"href":"https:\/\/www.kingdom-limousines.com\/es\/wp-json\/wp\/v2\/posts\/424169","targetHints":{"allow":["GET"]}}],"collection":[{"href":"https:\/\/www.kingdom-limousines.com\/es\/wp-json\/wp\/v2\/posts"}],"about":[{"href":"https:\/\/www.kingdom-limousines.com\/es\/wp-json\/wp\/v2\/types\/post"}],"author":[{"embeddable":true,"href":"https:\/\/www.kingdom-limousines.com\/es\/wp-json\/wp\/v2\/users\/1"}],"replies":[{"embeddable":true,"href":"https:\/\/www.kingdom-limousines.com\/es\/wp-json\/wp\/v2\/comments?post=424169"}],"version-history":[{"count":0,"href":"https:\/\/www.kingdom-limousines.com\/es\/wp-json\/wp\/v2\/posts\/424169\/revisions"}],"wp:featuredmedia":[{"embeddable":true,"href":"https:\/\/www.kingdom-limousines.com\/es\/wp-json\/wp\/v2\/media\/321916"}],"wp:attachment":[{"href":"https:\/\/www.kingdom-limousines.com\/es\/wp-json\/wp\/v2\/media?parent=424169"}],"wp:term":[{"taxonomy":"category","embeddable":true,"href":"https:\/\/www.kingdom-limousines.com\/es\/wp-json\/wp\/v2\/categories?post=424169"},{"taxonomy":"post_tag","embeddable":true,"href":"https:\/\/www.kingdom-limousines.com\/es\/wp-json\/wp\/v2\/tags?post=424169"}],"curies":[{"name":"wp","href":"https:\/\/api.w.org\/{rel}","templated":true}]}}