{"id":424721,"date":"2025-03-03T23:08:21","date_gmt":"2025-03-03T22:08:21","guid":{"rendered":"https:\/\/www.kingdom-limousines.com\/los-festivales-artisticos-y-culturales-imprescindibles-de-la-costa-azul\/"},"modified":"2025-03-03T23:08:21","modified_gmt":"2025-03-03T22:08:21","slug":"los-festivales-artisticos-y-culturales-imprescindibles-de-la-costa-azul","status":"publish","type":"post","link":"https:\/\/www.kingdom-limousines.com\/es\/los-festivales-artisticos-y-culturales-imprescindibles-de-la-costa-azul\/","title":{"rendered":"Los festivales art\u00edsticos y culturales imprescindibles de la Costa Azul"},"content":{"rendered":"<p>Famosa en todo el mundo por su hermosa costa, su clima soleado y su pintoresco interior, la Riviera Francesa alberga un sinf\u00edn de acontecimientos festivos que se han convertido en citas ineludibles para todos los amantes del cine y la m\u00fasica. He aqu\u00ed una peque\u00f1a selecci\u00f3n de los mejores festivales culturales y art\u00edsticos de visita obligada durante una estancia en la Riviera Mediterr\u00e1nea. \u00a1Siga la gu\u00eda!  <\/p>\n<h2><strong><img decoding=\"async\" class=\"alignright size-medium wp-image-63912\" src=\"https:\/\/www.kingdom-limousines.com\/wp-content\/uploads\/2024\/12\/les-festivals-culturels-et-artistiques-de-la-cote-d-azur-450x263.jpg\" alt=\"los festivales culturales y art\u00edsticos de la costa de azur\" width=\"450\" height=\"263\" title=\"\" srcset=\"https:\/\/www.kingdom-limousines.com\/wp-content\/uploads\/2024\/12\/les-festivals-culturels-et-artistiques-de-la-cote-d-azur-450x263.jpg 450w, https:\/\/www.kingdom-limousines.com\/wp-content\/uploads\/2024\/12\/les-festivals-culturels-et-artistiques-de-la-cote-d-azur-1024x597.jpg 1024w, https:\/\/www.kingdom-limousines.com\/wp-content\/uploads\/2024\/12\/les-festivals-culturels-et-artistiques-de-la-cote-d-azur-768x448.jpg 768w, https:\/\/www.kingdom-limousines.com\/wp-content\/uploads\/2024\/12\/les-festivals-culturels-et-artistiques-de-la-cote-d-azur.jpg 1200w\" sizes=\"(max-width: 450px) 100vw, 450px\" \/><\/strong><\/h2>\n<h2>El Festival de Cannes<\/h2>\n<p>Creado en 1939, este festival internacional de cine se celebra cada a\u00f1o en Cannes durante la segunda quincena de mayo y dura 12 d\u00edas. Premia las mejores pel\u00edculas, cortometrajes y documentales de todo el mundo. <\/p>\n<p>Presentadas en varias secciones, incluida la prestigiosa Competici\u00f3n Oficial, las pel\u00edculas son juzgadas por un jurado de profesionales del cine, que otorgan la famosa Palma de Oro a la mejor de ellas.<\/p>\n<p>Si desea conocer de cerca a sus estrellas favoritas, no se pierda la legendaria subida de la escalinata, donde podr\u00e1 verlas desfilar por la famosa alfombra roja. \u00a1Tiene garantizada la emoci\u00f3n y el glamour! <\/p>\n<h2>El Festival de M\u00fasica de Menton<\/h2>\n<p>Para los amantes de la m\u00fasica cl\u00e1sica, barroca, rom\u00e1ntica y contempor\u00e1nea, el Festival de M\u00fasica de Menton es un acontecimiento excepcional que acoge a los pianistas, violonchelistas, directores, violinistas y cantantes con m\u00e1s talento del mundo.<\/p>\n<p>Fundado en 1950 por Andr\u00e9 B\u00f6r\u00f6cz, un artista h\u00fangaro que se enamor\u00f3 de la ciudad de los limones, este festival de m\u00fasica de verano ofrece una amplia gama de conciertos de m\u00fasica de c\u00e1mara, recitales y conciertos orquestales en una variedad de magn\u00edficos escenarios, como la plaza frente a la Bas\u00edlica de Saint-Michel, la \u00d3pera de Menton y el Palacio de Europa.<\/p>\n<p>Es una experiencia m\u00e1gica e inolvidable.<\/p>\n<h2>El Festival de Jazz de Juan-les-Pins<\/h2>\n<p>\u00bfLe gusta el jazz y todas sus variantes musicales? Venga a escuchar a algunos de los grandes nombres del jazz gitano, el jazz afrocubano, el gospel, el swing y el blues en Juan-les-Pins, en la Pin\u00e8de Gould, un parque de la costa mediterr\u00e1nea. Este festival internacional de m\u00fasica, que se celebra todos los veranos en julio, ha contado desde 1960 con la presencia de artistas legendarios como Ray Charles, Ella Fitzgerald, Duke Ellington, Dizzy Gillespie y Miles Davis, y le conquistar\u00e1 con su extraordinaria variedad de jazz.  <\/p>\n<p>Es un acontecimiento musical que no debe perderse si quiere disfrutar de la vida cultural de la Costa Azul.<\/p>\n<h2>Las playas electr\u00f3nicas de Cannes<\/h2>\n<p>Si le apetece divertirse hasta altas horas de la noche, \u00a1este festival de m\u00fasica electr\u00f3nica es para usted! Situado en un entorno id\u00edlico, en la playa y en la terraza del Palacio de Festivales de Cannes, este acontecimiento musical tiene lugar cada a\u00f1o en agosto. <\/p>\n<p>Con un impresionante cartel de DJs de todo el mundo, ocho escenarios y multitud de conciertos, podr\u00e1 bailar al ritmo fren\u00e9tico de la mejor m\u00fasica electro durante tres d\u00edas.<\/p>\n<p>Con su tem\u00e1tica de sol y mar, este festival de m\u00fasica electr\u00f3nica es un acontecimiento importante en Francia para cualquiera que busque un ambiente divertido y festivo.<\/p>\n<h2><strong><img decoding=\"async\" class=\"alignleft size-medium wp-image-63932\" src=\"https:\/\/www.kingdom-limousines.com\/wp-content\/uploads\/2024\/12\/les-festivals-culturels-et-artistiques-de-la-cote-d-azur-1-450x263.jpg\" alt=\"los festivales culturales y art\u00edsticos de la costa de azur\" width=\"450\" height=\"263\" title=\"\" srcset=\"https:\/\/www.kingdom-limousines.com\/wp-content\/uploads\/2024\/12\/les-festivals-culturels-et-artistiques-de-la-cote-d-azur-1-450x263.jpg 450w, https:\/\/www.kingdom-limousines.com\/wp-content\/uploads\/2024\/12\/les-festivals-culturels-et-artistiques-de-la-cote-d-azur-1-1024x597.jpg 1024w, https:\/\/www.kingdom-limousines.com\/wp-content\/uploads\/2024\/12\/les-festivals-culturels-et-artistiques-de-la-cote-d-azur-1-768x448.jpg 768w, https:\/\/www.kingdom-limousines.com\/wp-content\/uploads\/2024\/12\/les-festivals-culturels-et-artistiques-de-la-cote-d-azur-1.jpg 1200w\" sizes=\"(max-width: 450px) 100vw, 450px\" \/><\/strong><\/h2>\n<h2>Despl\u00e1cese con facilidad con Kingdom Limousines<\/h2>\n<p>\u00bfLe gustar\u00eda viajar a su festival cultural favorito en la Costa Azul en un veh\u00edculo espacioso, c\u00f3modo y con un servicio de alta gama? Tanto si viaja en familia, con amigos o solo, disponemos de una amplia gama de modelos de lujo a su medida. <\/p>\n<p>Nuestra flota de alquiler, que se renueva regularmente, incluye berlinas, monovol\u00famenes, limusinas y todoterrenos, todos ellos equipados con gel hidroalcoh\u00f3lico, agua embotellada, pa\u00f1uelos de papel, revistas y un cargador para el m\u00f3vil.<\/p>\n<p>Nuestros veh\u00edculos son conducidos por ch\u00f3feres experimentados, seleccionados por su cortes\u00eda, puntualidad y flexibilidad. Pensando en su bienestar, har\u00e1n todo lo posible por responder a sus peticiones con la m\u00e1xima profesionalidad. <\/p>\n<p>Conocida por sus playas ba\u00f1adas por el sol, sus aguas azul turquesa y su apacible estilo de vida, la Costa Azul francesa tambi\u00e9n es famosa por su incre\u00edble riqueza en festivales culturales. Su diversidad la convierte en un destino \u00fanico para vivir y compartir momentos intensos e inolvidables con sus amigos o familiares. <\/p>\n<p>Tanto si ha reservado un servicio de ch\u00f3fer privado para un traslado al aeropuerto como para un traslado desde el hotel donde se aloja, Kingdom Limousines le acompa\u00f1ar\u00e1 a sus salidas favoritas las 24 horas del d\u00eda, los 7 d\u00edas de la semana. Especialmente atento a su comodidad y seguridad, nuestro equipo estar\u00e1 encantado de ocuparse de sus desplazamientos para que pueda disfrutar plenamente y sin estr\u00e9s de las mejores fiestas de la Costa Azul. <\/p>\n","protected":false},"excerpt":{"rendered":"<p>Famosa en todo el mundo por su hermosa costa, su clima soleado y su pintoresco interior, la Riviera Francesa alberga un sinf\u00edn de acontecimientos festivos que se han convertido en citas ineludibles para todos los amantes del cine y la m\u00fasica. He aqu\u00ed una peque\u00f1a selecci\u00f3n de los mejores festivales culturales y art\u00edsticos de visita<br \/><a href=\"https:\/\/www.kingdom-limousines.com\/es\/los-festivales-artisticos-y-culturales-imprescindibles-de-la-costa-azul\/\" class=\"more\">Read more<\/a><\/p>\n","protected":false},"author":1,"featured_media":362454,"comment_status":"closed","ping_status":"closed","sticky":false,"template":"","format":"standard","meta":{"rank_math_title":"","rank_math_description":"","rank_math_focus_keyword":"","footnotes":""},"categories":[167],"tags":[],"class_list":["post-424721","post","type-post","status-publish","format-standard","has-post-thumbnail","hentry","category-eventos-en-cannes"],"_links":{"self":[{"href":"https:\/\/www.kingdom-limousines.com\/es\/wp-json\/wp\/v2\/posts\/424721","targetHints":{"allow":["GET"]}}],"collection":[{"href":"https:\/\/www.kingdom-limousines.com\/es\/wp-json\/wp\/v2\/posts"}],"about":[{"href":"https:\/\/www.kingdom-limousines.com\/es\/wp-json\/wp\/v2\/types\/post"}],"author":[{"embeddable":true,"href":"https:\/\/www.kingdom-limousines.com\/es\/wp-json\/wp\/v2\/users\/1"}],"replies":[{"embeddable":true,"href":"https:\/\/www.kingdom-limousines.com\/es\/wp-json\/wp\/v2\/comments?post=424721"}],"version-history":[{"count":0,"href":"https:\/\/www.kingdom-limousines.com\/es\/wp-json\/wp\/v2\/posts\/424721\/revisions"}],"wp:featuredmedia":[{"embeddable":true,"href":"https:\/\/www.kingdom-limousines.com\/es\/wp-json\/wp\/v2\/media\/362454"}],"wp:attachment":[{"href":"https:\/\/www.kingdom-limousines.com\/es\/wp-json\/wp\/v2\/media?parent=424721"}],"wp:term":[{"taxonomy":"category","embeddable":true,"href":"https:\/\/www.kingdom-limousines.com\/es\/wp-json\/wp\/v2\/categories?post=424721"},{"taxonomy":"post_tag","embeddable":true,"href":"https:\/\/www.kingdom-limousines.com\/es\/wp-json\/wp\/v2\/tags?post=424721"}],"curies":[{"name":"wp","href":"https:\/\/api.w.org\/{rel}","templated":true}]}}