{"id":424845,"date":"2025-03-03T23:14:38","date_gmt":"2025-03-03T22:14:38","guid":{"rendered":"https:\/\/www.kingdom-limousines.com\/de-la-gala-del-met-al-festival-de-cannes\/"},"modified":"2025-03-03T23:14:38","modified_gmt":"2025-03-03T22:14:38","slug":"de-la-gala-del-met-al-festival-de-cannes","status":"publish","type":"post","link":"https:\/\/www.kingdom-limousines.com\/es\/de-la-gala-del-met-al-festival-de-cannes\/","title":{"rendered":"De la Gala del Met al Festival de Cannes"},"content":{"rendered":"<p>En 1948, la <strong>Gala<\/strong> del Met se present\u00f3 al mundo como una forma de recaudar fondos para el reci\u00e9n fundado Instituto del Traje y marcar la inauguraci\u00f3n de su exposici\u00f3n anual. La Gala del Met se conoc\u00eda formalmente como Gala del Instituto del Traje y tambi\u00e9n como Met Ball. Esta Gala es una recaudaci\u00f3n de fondos en beneficio <strong>del Instituto del Traje<\/strong> del <strong>Museo Metropolitano de Arte<\/strong> de Nueva York.  <\/p>\n<p>Cada a\u00f1o el evento tiene un tema que decide el Museo Metropolitano de Arte y para 2019 fue &#8216;Campamento: Notas sobre la moda&#8217;. El tema de este a\u00f1o se inspir\u00f3 en el ensayo de Susan Sontag de 1964 \u00abNotes on Camp\u00bb. Se considera que este ensayo introdujo la noci\u00f3n de \u00abCampamento\u00bb en la corriente dominante.  <\/p>\n<p><strong>&#8216;La esencia de Camp es su amor por lo antinatural: por el artificio y la exageraci\u00f3n,&#8217;  <\/strong><\/p>\n<p>Este a\u00f1o, las damas y los caballeros iluminaron la alfombra luciendo sus incre\u00edbles atuendos y algunos conjuntos extra\u00f1os, desde el vestido candelabro de Kate Perry, Tiffany Haddish con su pollo de emergencia, Jared Leto llevando su propia cabeza hasta las nuevas parejas de famosos que debutan tras el matrimonio.<\/p>\n<p>La Gala del Met de este a\u00f1o estuvo repleta de algunos de los atuendos m\u00e1s escandalosos hasta la fecha. Las grandes marcas de alta costura como Gucci, Ferragamo, Louis Vuitton y Thom Browne siguen reinando en la alfombra, ya que fueron las que contaron con un mayor n\u00famero de celebridades. Este a\u00f1o la Gala fue patrocinada por Gucci y el director creativo Alessandro Michele actu\u00f3 como copresentador de la Gala.  <\/p>\n<p>Ahora que faltan pocos d\u00edas para el Festival de Cannes, esperamos que se produzca el mismo fen\u00f3meno de moda en la alfombra roja. Se espera que acudan a este festival entre 73.000 y 180.000 personas. <\/p>\n<p>As\u00ed que ah\u00ed es donde entramos nosotros, usted lleva un vestido o un traje incre\u00edble y necesita transporte quiz\u00e1s desde el aeropuerto o el hotel o cualquier otra cosa. Nuestros coches de alta gama cuidar\u00e1n de usted y de sus impresionantes vestidos. Nuestros conductores tienen una gran experiencia en el Festival de Cannes.  <\/p>\n<p>Estamos a s\u00f3lo una llamada o puede hacer una reserva directa en nuestra p\u00e1gina web, o puede enviarnos un correo a <a href=\"mailto:info@kingdom-limousines.com?subject=New%20Reservation\">info@kingdom-limousines.com.<\/a><\/p>\n","protected":false},"excerpt":{"rendered":"<p>En 1948, la Gala del Met se present\u00f3 al mundo como una forma de recaudar fondos para el reci\u00e9n fundado Instituto del Traje y marcar la inauguraci\u00f3n de su exposici\u00f3n anual. La Gala del Met se conoc\u00eda formalmente como Gala del Instituto del Traje y tambi\u00e9n como Met Ball. Esta Gala es una recaudaci\u00f3n de<br \/><a href=\"https:\/\/www.kingdom-limousines.com\/es\/de-la-gala-del-met-al-festival-de-cannes\/\" class=\"more\">Read more<\/a><\/p>\n","protected":false},"author":1,"featured_media":424846,"comment_status":"closed","ping_status":"closed","sticky":false,"template":"","format":"standard","meta":{"rank_math_title":"","rank_math_description":"","rank_math_focus_keyword":"","footnotes":""},"categories":[167],"tags":[],"class_list":["post-424845","post","type-post","status-publish","format-standard","has-post-thumbnail","hentry","category-eventos-en-cannes"],"_links":{"self":[{"href":"https:\/\/www.kingdom-limousines.com\/es\/wp-json\/wp\/v2\/posts\/424845","targetHints":{"allow":["GET"]}}],"collection":[{"href":"https:\/\/www.kingdom-limousines.com\/es\/wp-json\/wp\/v2\/posts"}],"about":[{"href":"https:\/\/www.kingdom-limousines.com\/es\/wp-json\/wp\/v2\/types\/post"}],"author":[{"embeddable":true,"href":"https:\/\/www.kingdom-limousines.com\/es\/wp-json\/wp\/v2\/users\/1"}],"replies":[{"embeddable":true,"href":"https:\/\/www.kingdom-limousines.com\/es\/wp-json\/wp\/v2\/comments?post=424845"}],"version-history":[{"count":0,"href":"https:\/\/www.kingdom-limousines.com\/es\/wp-json\/wp\/v2\/posts\/424845\/revisions"}],"wp:featuredmedia":[{"embeddable":true,"href":"https:\/\/www.kingdom-limousines.com\/es\/wp-json\/wp\/v2\/media\/424846"}],"wp:attachment":[{"href":"https:\/\/www.kingdom-limousines.com\/es\/wp-json\/wp\/v2\/media?parent=424845"}],"wp:term":[{"taxonomy":"category","embeddable":true,"href":"https:\/\/www.kingdom-limousines.com\/es\/wp-json\/wp\/v2\/categories?post=424845"},{"taxonomy":"post_tag","embeddable":true,"href":"https:\/\/www.kingdom-limousines.com\/es\/wp-json\/wp\/v2\/tags?post=424845"}],"curies":[{"name":"wp","href":"https:\/\/api.w.org\/{rel}","templated":true}]}}